{"id":376,"date":"2023-06-06T12:03:42","date_gmt":"2023-06-06T12:03:42","guid":{"rendered":"https:\/\/foodimproviders.eu\/?p=376"},"modified":"2023-08-12T17:13:59","modified_gmt":"2023-08-12T17:13:59","slug":"foodimproviders-project-and-short-supply-chain-case-studies-presented-in-a-magazine-article-in-spain","status":"publish","type":"post","link":"https:\/\/foodimproviders.eu\/es\/2023\/06\/06\/foodimproviders-project-and-short-supply-chain-case-studies-presented-in-a-magazine-article-in-spain\/","title":{"rendered":"EL PROYECTO FOODIMPROV'IDERS Y LOS ESTUDIOS DE CASOS DE CADENAS DE SUMINISTRO CORTAS, PRESENTADOS EN UN ARTICULO DE UNA REVISTA EN ESPANA"},"content":{"rendered":"<figure class=\"wp-block-embed is-type-video is-provider-youtube wp-block-embed-youtube wp-embed-aspect-16-9 wp-has-aspect-ratio\"><div class=\"wp-block-embed__wrapper\">\n<iframe loading=\"lazy\" title=\"Iniciativas agrogandeiras que comercializan en ciclos curtos: claves de \u00e9xito\" width=\"1080\" height=\"608\" src=\"https:\/\/www.youtube.com\/embed\/673kiRBWHXo?feature=oembed\"  allow=\"accelerometer; autoplay; clipboard-write; encrypted-media; gyroscope; picture-in-picture; web-share\" allowfullscreen><\/iframe>\n<\/div><\/figure>\n\n\n\n<p>La Fundaci\u00f3n Juana de Vega (FJDV) present\u00f3 recientemente los principales objetivos y logros del proyecto Foodimprov'iders en un art\u00edculo de una revista espa\u00f1ola. Aprovecharon esta excelente oportunidad para destacar la importancia de los sistemas alimentarios sostenibles y las ventajas de las cadenas de suministro cortas.<\/p>\n\n\n\n<p>Las cadenas de suministro cortas permiten el compromiso simult\u00e1neo con m\u00faltiples actores de la producci\u00f3n alimentaria. La transici\u00f3n hacia sistemas alimentarios sostenibles est\u00e1 impulsada por la innovaci\u00f3n, la colaboraci\u00f3n acad\u00e9mica, los procesos multiplicadores y un amplio compromiso geogr\u00e1fico. Como sugiere el art\u00edculo, la innovaci\u00f3n social es crucial para identificar y hacer crecer iniciativas a peque\u00f1a escala. Sin embargo, no todas las innovaciones sociales son sostenibles. La asociaci\u00f3n con el mundo acad\u00e9mico para recopilar datos y corregir cualquier impacto negativo es parte integral del proyecto.<\/p>\n\n\n\n<p>Se destacaron dos ejemplos exitosos de cadena de suministro corta, Horta Cuina de Valencia y Ekoalde de Navarra. Estas iniciativas conectan directamente a los productores locales con clientes potenciales como comedores escolares y centros de restauraci\u00f3n colectiva, garantizando la compra del total de la producci\u00f3n anual.<\/p>\n\n\n\n<p>En la era digital, Plant on Demand, una sociedad que defiende la transformaci\u00f3n digital de SFSC, subraya la importancia de la tecnolog\u00eda para simplificar las operaciones e impulsar la competitividad de los productores.<\/p>\n\n\n\n<p>Consulte el art\u00edculo completo aqu\u00ed: <a href=\"https:\/\/www.campogalego.es\/comercializar-los-productos-del-campo-en-circuitos-cortos-claves-para-avanzar-en-una-alimentacion-sostenible\/\">https:\/\/www.campogalego.es\/comercializar-los-productos-del-campo-en-circuitos-cortos-claves-para-avanzar-en-una-alimentacion-sostenible\/<\/a><\/p>\n\n\n\n<p>Los ejemplos espa\u00f1oles forman parte de las historias de \u00e9xito del proyecto Foodimprov'iders. Pronto publicaremos un folleto con historias de \u00e9xito de todos los pa\u00edses socios.<\/p>\n\n\n\n<p>S\u00edganos para saber m\u00e1s.<\/p>","protected":false},"excerpt":{"rendered":"<p>The Fundaci\u00f3n Juana de Vega (FJDV) recently presented the Foodimprov&#8217;iders project&#8217;s primary objectives and achievements in a magazine article in Spain. They used this excellent opportunity to highlight the importance [&hellip;]<\/p>\n","protected":false},"author":1,"featured_media":377,"comment_status":"closed","ping_status":"closed","sticky":false,"template":"","format":"standard","meta":{"_et_pb_use_builder":"","_et_pb_old_content":"","_et_gb_content_width":"","footnotes":""},"categories":[4],"tags":[],"class_list":["post-376","post","type-post","status-publish","format-standard","has-post-thumbnail","hentry","category-news"],"yoast_head":"<!-- This site is optimized with the Yoast SEO plugin v27.4 - https:\/\/yoast.com\/product\/yoast-seo-wordpress\/ -->\n<title>FOODIMPROV&#039;IDERS PROJECT AND SHORT SUPPLY CHAIN CASE STUDIES PRESENTED IN A MAGAZINE ARTICLE IN SPAIN - Food Improviders<\/title>\n<meta name=\"robots\" content=\"index, follow, max-snippet:-1, max-image-preview:large, max-video-preview:-1\" \/>\n<link rel=\"canonical\" href=\"https:\/\/foodimproviders.eu\/es\/2023\/06\/06\/foodimproviders-project-and-short-supply-chain-case-studies-presented-in-a-magazine-article-in-spain\/\" \/>\n<meta property=\"og:locale\" content=\"es_ES\" \/>\n<meta property=\"og:type\" content=\"article\" \/>\n<meta property=\"og:title\" content=\"FOODIMPROV&#039;IDERS PROJECT AND SHORT SUPPLY CHAIN CASE STUDIES PRESENTED IN A MAGAZINE ARTICLE IN SPAIN - Food Improviders\" \/>\n<meta property=\"og:description\" content=\"The Fundaci\u00f3n Juana de Vega (FJDV) recently presented the Foodimprov&#8217;iders project&#8217;s primary objectives and achievements in a magazine article in Spain. They used this excellent opportunity to highlight the importance [&hellip;]\" \/>\n<meta property=\"og:url\" content=\"https:\/\/foodimproviders.eu\/es\/2023\/06\/06\/foodimproviders-project-and-short-supply-chain-case-studies-presented-in-a-magazine-article-in-spain\/\" \/>\n<meta property=\"og:site_name\" content=\"Food Improviders\" \/>\n<meta property=\"article:published_time\" content=\"2023-06-06T12:03:42+00:00\" \/>\n<meta property=\"article:modified_time\" content=\"2023-08-12T17:13:59+00:00\" \/>\n<meta property=\"og:image\" content=\"https:\/\/foodimproviders.eu\/wp-content\/uploads\/2023\/06\/Foodimproviders-Project-and-Short-Supply-Chain-Case-Studies-presented-in-a-Magazine-Article-in-Spain-FEATURED.jpg\" \/>\n\t<meta property=\"og:image:width\" content=\"1473\" \/>\n\t<meta property=\"og:image:height\" content=\"774\" \/>\n\t<meta property=\"og:image:type\" content=\"image\/jpeg\" \/>\n<meta name=\"author\" content=\"admin_foodimproviders\" \/>\n<meta name=\"twitter:card\" content=\"summary_large_image\" \/>\n<meta name=\"twitter:label1\" content=\"Escrito por\" \/>\n\t<meta name=\"twitter:data1\" content=\"admin_foodimproviders\" \/>\n\t<meta name=\"twitter:label2\" content=\"Tiempo de lectura\" \/>\n\t<meta name=\"twitter:data2\" content=\"1 minuto\" \/>\n<script type=\"application\/ld+json\" class=\"yoast-schema-graph\">{\"@context\":\"https:\\\/\\\/schema.org\",\"@graph\":[{\"@type\":\"Article\",\"@id\":\"https:\\\/\\\/foodimproviders.eu\\\/es\\\/2023\\\/06\\\/06\\\/foodimproviders-project-and-short-supply-chain-case-studies-presented-in-a-magazine-article-in-spain\\\/#article\",\"isPartOf\":{\"@id\":\"https:\\\/\\\/foodimproviders.eu\\\/es\\\/2023\\\/06\\\/06\\\/foodimproviders-project-and-short-supply-chain-case-studies-presented-in-a-magazine-article-in-spain\\\/\"},\"author\":{\"name\":\"admin_foodimproviders\",\"@id\":\"https:\\\/\\\/foodimproviders.eu\\\/hu\\\/#\\\/schema\\\/person\\\/046e15ebbef8844e73d9e2bdfd4f1a51\"},\"headline\":\"FOODIMPROV&#8217;IDERS PROJECT AND SHORT SUPPLY CHAIN CASE STUDIES PRESENTED IN A MAGAZINE ARTICLE IN SPAIN\",\"datePublished\":\"2023-06-06T12:03:42+00:00\",\"dateModified\":\"2023-08-12T17:13:59+00:00\",\"mainEntityOfPage\":{\"@id\":\"https:\\\/\\\/foodimproviders.eu\\\/es\\\/2023\\\/06\\\/06\\\/foodimproviders-project-and-short-supply-chain-case-studies-presented-in-a-magazine-article-in-spain\\\/\"},\"wordCount\":241,\"image\":{\"@id\":\"https:\\\/\\\/foodimproviders.eu\\\/es\\\/2023\\\/06\\\/06\\\/foodimproviders-project-and-short-supply-chain-case-studies-presented-in-a-magazine-article-in-spain\\\/#primaryimage\"},\"thumbnailUrl\":\"https:\\\/\\\/foodimproviders.eu\\\/wp-content\\\/uploads\\\/2023\\\/06\\\/Foodimproviders-Project-and-Short-Supply-Chain-Case-Studies-presented-in-a-Magazine-Article-in-Spain-FEATURED.jpg\",\"articleSection\":[\"News\"],\"inLanguage\":\"es\"},{\"@type\":\"WebPage\",\"@id\":\"https:\\\/\\\/foodimproviders.eu\\\/es\\\/2023\\\/06\\\/06\\\/foodimproviders-project-and-short-supply-chain-case-studies-presented-in-a-magazine-article-in-spain\\\/\",\"url\":\"https:\\\/\\\/foodimproviders.eu\\\/es\\\/2023\\\/06\\\/06\\\/foodimproviders-project-and-short-supply-chain-case-studies-presented-in-a-magazine-article-in-spain\\\/\",\"name\":\"FOODIMPROV'IDERS PROJECT AND SHORT SUPPLY CHAIN CASE STUDIES PRESENTED IN A MAGAZINE ARTICLE IN SPAIN - Food Improviders\",\"isPartOf\":{\"@id\":\"https:\\\/\\\/foodimproviders.eu\\\/hu\\\/#website\"},\"primaryImageOfPage\":{\"@id\":\"https:\\\/\\\/foodimproviders.eu\\\/es\\\/2023\\\/06\\\/06\\\/foodimproviders-project-and-short-supply-chain-case-studies-presented-in-a-magazine-article-in-spain\\\/#primaryimage\"},\"image\":{\"@id\":\"https:\\\/\\\/foodimproviders.eu\\\/es\\\/2023\\\/06\\\/06\\\/foodimproviders-project-and-short-supply-chain-case-studies-presented-in-a-magazine-article-in-spain\\\/#primaryimage\"},\"thumbnailUrl\":\"https:\\\/\\\/foodimproviders.eu\\\/wp-content\\\/uploads\\\/2023\\\/06\\\/Foodimproviders-Project-and-Short-Supply-Chain-Case-Studies-presented-in-a-Magazine-Article-in-Spain-FEATURED.jpg\",\"datePublished\":\"2023-06-06T12:03:42+00:00\",\"dateModified\":\"2023-08-12T17:13:59+00:00\",\"author\":{\"@id\":\"https:\\\/\\\/foodimproviders.eu\\\/hu\\\/#\\\/schema\\\/person\\\/046e15ebbef8844e73d9e2bdfd4f1a51\"},\"breadcrumb\":{\"@id\":\"https:\\\/\\\/foodimproviders.eu\\\/es\\\/2023\\\/06\\\/06\\\/foodimproviders-project-and-short-supply-chain-case-studies-presented-in-a-magazine-article-in-spain\\\/#breadcrumb\"},\"inLanguage\":\"es\",\"potentialAction\":[{\"@type\":\"ReadAction\",\"target\":[\"https:\\\/\\\/foodimproviders.eu\\\/es\\\/2023\\\/06\\\/06\\\/foodimproviders-project-and-short-supply-chain-case-studies-presented-in-a-magazine-article-in-spain\\\/\"]}]},{\"@type\":\"ImageObject\",\"inLanguage\":\"es\",\"@id\":\"https:\\\/\\\/foodimproviders.eu\\\/es\\\/2023\\\/06\\\/06\\\/foodimproviders-project-and-short-supply-chain-case-studies-presented-in-a-magazine-article-in-spain\\\/#primaryimage\",\"url\":\"https:\\\/\\\/foodimproviders.eu\\\/wp-content\\\/uploads\\\/2023\\\/06\\\/Foodimproviders-Project-and-Short-Supply-Chain-Case-Studies-presented-in-a-Magazine-Article-in-Spain-FEATURED.jpg\",\"contentUrl\":\"https:\\\/\\\/foodimproviders.eu\\\/wp-content\\\/uploads\\\/2023\\\/06\\\/Foodimproviders-Project-and-Short-Supply-Chain-Case-Studies-presented-in-a-Magazine-Article-in-Spain-FEATURED.jpg\",\"width\":1473,\"height\":774},{\"@type\":\"BreadcrumbList\",\"@id\":\"https:\\\/\\\/foodimproviders.eu\\\/es\\\/2023\\\/06\\\/06\\\/foodimproviders-project-and-short-supply-chain-case-studies-presented-in-a-magazine-article-in-spain\\\/#breadcrumb\",\"itemListElement\":[{\"@type\":\"ListItem\",\"position\":1,\"name\":\"Home\",\"item\":\"https:\\\/\\\/foodimproviders.eu\\\/hu\\\/\"},{\"@type\":\"ListItem\",\"position\":2,\"name\":\"FOODIMPROV&#8217;IDERS PROJECT AND SHORT SUPPLY CHAIN CASE STUDIES PRESENTED IN A MAGAZINE ARTICLE IN SPAIN\"}]},{\"@type\":\"WebSite\",\"@id\":\"https:\\\/\\\/foodimproviders.eu\\\/hu\\\/#website\",\"url\":\"https:\\\/\\\/foodimproviders.eu\\\/hu\\\/\",\"name\":\"Food Improviders\",\"description\":\"Showcase website of the Erasmus+ Strategic partnership FOOD IMPROV&#039;IDERS aiming to facilitate the uptake of short food supply chain by EU food producers.\",\"potentialAction\":[{\"@type\":\"SearchAction\",\"target\":{\"@type\":\"EntryPoint\",\"urlTemplate\":\"https:\\\/\\\/foodimproviders.eu\\\/hu\\\/?s={search_term_string}\"},\"query-input\":{\"@type\":\"PropertyValueSpecification\",\"valueRequired\":true,\"valueName\":\"search_term_string\"}}],\"inLanguage\":\"es\"},{\"@type\":\"Person\",\"@id\":\"https:\\\/\\\/foodimproviders.eu\\\/hu\\\/#\\\/schema\\\/person\\\/046e15ebbef8844e73d9e2bdfd4f1a51\",\"name\":\"admin_foodimproviders\",\"image\":{\"@type\":\"ImageObject\",\"inLanguage\":\"es\",\"@id\":\"https:\\\/\\\/secure.gravatar.com\\\/avatar\\\/0e24f167f3bf49cef5462f9252cb5090b28efb27273ae72f4c2d495412745dd5?s=96&d=mm&r=g\",\"url\":\"https:\\\/\\\/secure.gravatar.com\\\/avatar\\\/0e24f167f3bf49cef5462f9252cb5090b28efb27273ae72f4c2d495412745dd5?s=96&d=mm&r=g\",\"contentUrl\":\"https:\\\/\\\/secure.gravatar.com\\\/avatar\\\/0e24f167f3bf49cef5462f9252cb5090b28efb27273ae72f4c2d495412745dd5?s=96&d=mm&r=g\",\"caption\":\"admin_foodimproviders\"},\"sameAs\":[\"https:\\\/\\\/foodimproviders.eu\"],\"url\":\"https:\\\/\\\/foodimproviders.eu\\\/es\\\/author\\\/admin_foodimproviders\\\/\"}]}<\/script>\n<!-- \/ Yoast SEO plugin. -->","yoast_head_json":{"title":"FOODIMPROV'IDERS PROJECT AND SHORT SUPPLY CHAIN CASE STUDIES PRESENTED IN A MAGAZINE ARTICLE IN SPAIN - Food Improviders","robots":{"index":"index","follow":"follow","max-snippet":"max-snippet:-1","max-image-preview":"max-image-preview:large","max-video-preview":"max-video-preview:-1"},"canonical":"https:\/\/foodimproviders.eu\/es\/2023\/06\/06\/foodimproviders-project-and-short-supply-chain-case-studies-presented-in-a-magazine-article-in-spain\/","og_locale":"es_ES","og_type":"article","og_title":"FOODIMPROV'IDERS PROJECT AND SHORT SUPPLY CHAIN CASE STUDIES PRESENTED IN A MAGAZINE ARTICLE IN SPAIN - Food Improviders","og_description":"The Fundaci\u00f3n Juana de Vega (FJDV) recently presented the Foodimprov&#8217;iders project&#8217;s primary objectives and achievements in a magazine article in Spain. They used this excellent opportunity to highlight the importance [&hellip;]","og_url":"https:\/\/foodimproviders.eu\/es\/2023\/06\/06\/foodimproviders-project-and-short-supply-chain-case-studies-presented-in-a-magazine-article-in-spain\/","og_site_name":"Food Improviders","article_published_time":"2023-06-06T12:03:42+00:00","article_modified_time":"2023-08-12T17:13:59+00:00","og_image":[{"width":1473,"height":774,"url":"https:\/\/foodimproviders.eu\/wp-content\/uploads\/2023\/06\/Foodimproviders-Project-and-Short-Supply-Chain-Case-Studies-presented-in-a-Magazine-Article-in-Spain-FEATURED.jpg","type":"image\/jpeg"}],"author":"admin_foodimproviders","twitter_card":"summary_large_image","twitter_misc":{"Escrito por":"admin_foodimproviders","Tiempo de lectura":"1 minuto"},"schema":{"@context":"https:\/\/schema.org","@graph":[{"@type":"Article","@id":"https:\/\/foodimproviders.eu\/es\/2023\/06\/06\/foodimproviders-project-and-short-supply-chain-case-studies-presented-in-a-magazine-article-in-spain\/#article","isPartOf":{"@id":"https:\/\/foodimproviders.eu\/es\/2023\/06\/06\/foodimproviders-project-and-short-supply-chain-case-studies-presented-in-a-magazine-article-in-spain\/"},"author":{"name":"admin_foodimproviders","@id":"https:\/\/foodimproviders.eu\/hu\/#\/schema\/person\/046e15ebbef8844e73d9e2bdfd4f1a51"},"headline":"FOODIMPROV&#8217;IDERS PROJECT AND SHORT SUPPLY CHAIN CASE STUDIES PRESENTED IN A MAGAZINE ARTICLE IN SPAIN","datePublished":"2023-06-06T12:03:42+00:00","dateModified":"2023-08-12T17:13:59+00:00","mainEntityOfPage":{"@id":"https:\/\/foodimproviders.eu\/es\/2023\/06\/06\/foodimproviders-project-and-short-supply-chain-case-studies-presented-in-a-magazine-article-in-spain\/"},"wordCount":241,"image":{"@id":"https:\/\/foodimproviders.eu\/es\/2023\/06\/06\/foodimproviders-project-and-short-supply-chain-case-studies-presented-in-a-magazine-article-in-spain\/#primaryimage"},"thumbnailUrl":"https:\/\/foodimproviders.eu\/wp-content\/uploads\/2023\/06\/Foodimproviders-Project-and-Short-Supply-Chain-Case-Studies-presented-in-a-Magazine-Article-in-Spain-FEATURED.jpg","articleSection":["News"],"inLanguage":"es"},{"@type":"WebPage","@id":"https:\/\/foodimproviders.eu\/es\/2023\/06\/06\/foodimproviders-project-and-short-supply-chain-case-studies-presented-in-a-magazine-article-in-spain\/","url":"https:\/\/foodimproviders.eu\/es\/2023\/06\/06\/foodimproviders-project-and-short-supply-chain-case-studies-presented-in-a-magazine-article-in-spain\/","name":"FOODIMPROV'IDERS PROJECT AND SHORT SUPPLY CHAIN CASE STUDIES PRESENTED IN A MAGAZINE ARTICLE IN SPAIN - Food Improviders","isPartOf":{"@id":"https:\/\/foodimproviders.eu\/hu\/#website"},"primaryImageOfPage":{"@id":"https:\/\/foodimproviders.eu\/es\/2023\/06\/06\/foodimproviders-project-and-short-supply-chain-case-studies-presented-in-a-magazine-article-in-spain\/#primaryimage"},"image":{"@id":"https:\/\/foodimproviders.eu\/es\/2023\/06\/06\/foodimproviders-project-and-short-supply-chain-case-studies-presented-in-a-magazine-article-in-spain\/#primaryimage"},"thumbnailUrl":"https:\/\/foodimproviders.eu\/wp-content\/uploads\/2023\/06\/Foodimproviders-Project-and-Short-Supply-Chain-Case-Studies-presented-in-a-Magazine-Article-in-Spain-FEATURED.jpg","datePublished":"2023-06-06T12:03:42+00:00","dateModified":"2023-08-12T17:13:59+00:00","author":{"@id":"https:\/\/foodimproviders.eu\/hu\/#\/schema\/person\/046e15ebbef8844e73d9e2bdfd4f1a51"},"breadcrumb":{"@id":"https:\/\/foodimproviders.eu\/es\/2023\/06\/06\/foodimproviders-project-and-short-supply-chain-case-studies-presented-in-a-magazine-article-in-spain\/#breadcrumb"},"inLanguage":"es","potentialAction":[{"@type":"ReadAction","target":["https:\/\/foodimproviders.eu\/es\/2023\/06\/06\/foodimproviders-project-and-short-supply-chain-case-studies-presented-in-a-magazine-article-in-spain\/"]}]},{"@type":"ImageObject","inLanguage":"es","@id":"https:\/\/foodimproviders.eu\/es\/2023\/06\/06\/foodimproviders-project-and-short-supply-chain-case-studies-presented-in-a-magazine-article-in-spain\/#primaryimage","url":"https:\/\/foodimproviders.eu\/wp-content\/uploads\/2023\/06\/Foodimproviders-Project-and-Short-Supply-Chain-Case-Studies-presented-in-a-Magazine-Article-in-Spain-FEATURED.jpg","contentUrl":"https:\/\/foodimproviders.eu\/wp-content\/uploads\/2023\/06\/Foodimproviders-Project-and-Short-Supply-Chain-Case-Studies-presented-in-a-Magazine-Article-in-Spain-FEATURED.jpg","width":1473,"height":774},{"@type":"BreadcrumbList","@id":"https:\/\/foodimproviders.eu\/es\/2023\/06\/06\/foodimproviders-project-and-short-supply-chain-case-studies-presented-in-a-magazine-article-in-spain\/#breadcrumb","itemListElement":[{"@type":"ListItem","position":1,"name":"Home","item":"https:\/\/foodimproviders.eu\/hu\/"},{"@type":"ListItem","position":2,"name":"FOODIMPROV&#8217;IDERS PROJECT AND SHORT SUPPLY CHAIN CASE STUDIES PRESENTED IN A MAGAZINE ARTICLE IN SPAIN"}]},{"@type":"WebSite","@id":"https:\/\/foodimproviders.eu\/hu\/#website","url":"https:\/\/foodimproviders.eu\/hu\/","name":"Proveedores de alimentos","description":"P\u00e1gina web de presentaci\u00f3n de la asociaci\u00f3n estrat\u00e9gica Erasmus+ FOOD IMPROV'IDERS, cuyo objetivo es facilitar la adopci\u00f3n de la cadena corta de suministro de alimentos por parte de los productores de alimentos de la UE.","potentialAction":[{"@type":"SearchAction","target":{"@type":"EntryPoint","urlTemplate":"https:\/\/foodimproviders.eu\/hu\/?s={search_term_string}"},"query-input":{"@type":"PropertyValueSpecification","valueRequired":true,"valueName":"search_term_string"}}],"inLanguage":"es"},{"@type":"Person","@id":"https:\/\/foodimproviders.eu\/hu\/#\/schema\/person\/046e15ebbef8844e73d9e2bdfd4f1a51","name":"admin_proveedores_de_alimentos","image":{"@type":"ImageObject","inLanguage":"es","@id":"https:\/\/secure.gravatar.com\/avatar\/0e24f167f3bf49cef5462f9252cb5090b28efb27273ae72f4c2d495412745dd5?s=96&d=mm&r=g","url":"https:\/\/secure.gravatar.com\/avatar\/0e24f167f3bf49cef5462f9252cb5090b28efb27273ae72f4c2d495412745dd5?s=96&d=mm&r=g","contentUrl":"https:\/\/secure.gravatar.com\/avatar\/0e24f167f3bf49cef5462f9252cb5090b28efb27273ae72f4c2d495412745dd5?s=96&d=mm&r=g","caption":"admin_foodimproviders"},"sameAs":["https:\/\/foodimproviders.eu"],"url":"https:\/\/foodimproviders.eu\/es\/author\/admin_foodimproviders\/"}]}},"_links":{"self":[{"href":"https:\/\/foodimproviders.eu\/es\/wp-json\/wp\/v2\/posts\/376","targetHints":{"allow":["GET"]}}],"collection":[{"href":"https:\/\/foodimproviders.eu\/es\/wp-json\/wp\/v2\/posts"}],"about":[{"href":"https:\/\/foodimproviders.eu\/es\/wp-json\/wp\/v2\/types\/post"}],"author":[{"embeddable":true,"href":"https:\/\/foodimproviders.eu\/es\/wp-json\/wp\/v2\/users\/1"}],"replies":[{"embeddable":true,"href":"https:\/\/foodimproviders.eu\/es\/wp-json\/wp\/v2\/comments?post=376"}],"version-history":[{"count":0,"href":"https:\/\/foodimproviders.eu\/es\/wp-json\/wp\/v2\/posts\/376\/revisions"}],"wp:featuredmedia":[{"embeddable":true,"href":"https:\/\/foodimproviders.eu\/es\/wp-json\/wp\/v2\/media\/377"}],"wp:attachment":[{"href":"https:\/\/foodimproviders.eu\/es\/wp-json\/wp\/v2\/media?parent=376"}],"wp:term":[{"taxonomy":"category","embeddable":true,"href":"https:\/\/foodimproviders.eu\/es\/wp-json\/wp\/v2\/categories?post=376"},{"taxonomy":"post_tag","embeddable":true,"href":"https:\/\/foodimproviders.eu\/es\/wp-json\/wp\/v2\/tags?post=376"}],"curies":[{"name":"wp","href":"https:\/\/api.w.org\/{rel}","templated":true}]}}