{"id":177,"date":"2021-09-25T14:07:00","date_gmt":"2021-09-25T14:07:00","guid":{"rendered":"https:\/\/foodimproviders.eu\/?p=177"},"modified":"2023-08-12T17:13:16","modified_gmt":"2023-08-12T17:13:16","slug":"eco-school-canteens-in-a-biosphere-reserve-in-galicia-short-circuits-seasonal-products-and-health","status":"publish","type":"post","link":"https:\/\/foodimproviders.eu\/sl\/2021\/09\/25\/eco-school-canteens-in-a-biosphere-reserve-in-galicia-short-circuits-seasonal-products-and-health\/","title":{"rendered":"EKO\u0160OLSKE MENZE V BIOSFERNEM REZERVATU V GALICIJI: KRATKI KROGI, SEZONSKI PROIZVODI IN ZDRAVJE"},"content":{"rendered":"<p>Avtorji: Lokalna akcijska skupina \"Mari\u00f1as-Betanzos\" in Fundaci\u00f3n Juana de Vega.<\/p>\n\n\n\n<p>Ponuditi otrokom kakovostno hrano in uravnote\u017eene jedilnike je dol\u017enost dru\u017ebe, \u0161olska menza pa lahko postane \u0161e en izobra\u017eevalni prostor za posredovanje vrednot, kot je zdrava prehrana, ki temelji na okolju prijazni proizvodnji in tr\u017eenju.<\/p>\n\n\n\n<p>V okviru pobude EcoComedores so \u0161olske menze v <strong><em>Biosferni rezervat Mari\u00f1as Coru\u00f1esas e Terras do Mandeo <\/em><\/strong>(<a href=\"https:\/\/en.unesco.org\/biosphere\/eu-na\/marinas-corunesas-terras-mandeo\">https:\/\/en.unesco.org\/biosphere\/eu-na\/marinas-corunesas-terras-mandeo<\/a>) in okolice, bodo imeli prilo\u017enost za pripravo svojih menijev uporabljati lokalne ekolo\u0161ke izdelke (lastne blagovne znamke Biosfernega rezervata).<\/p>\n\n\n\n<figure class=\"wp-block-image aligncenter size-full\"><img loading=\"lazy\" decoding=\"async\" width=\"125\" height=\"121\" src=\"https:\/\/foodimproviders.eu\/wp-content\/uploads\/2022\/07\/biosphere.png\" alt=\"\" class=\"wp-image-178\"\/><figcaption class=\"wp-element-caption\"><strong><em>Oznaka za biosferni rezervat<\/em><\/strong><\/figcaption><\/figure>\n\n\n\n<p>Pobudo je spodbujala lokalna akcijska skupina \"Mari\u00f1as - Betanzos\", ki v partnerstvu z regionalno vlado upravlja program LEADER v okviru SKP (2014-2021) in jo podpirajo sredstva EKSRP.<\/p>\n\n\n\n<p>Lokalna akcijska skupina je bila ustanovljena julija 2008 z namenom, da bi bila jedro povezovanja in zastopanja razli\u010dnih teritorialnih, institucionalnih, socialnih in gospodarskih akterjev, tako javnih kot zasebnih, ki so zainteresirani za spodbujanje razvoja obmo\u010dja ukrepanja.<\/p>\n\n\n\n<p>Zdru\u017eenje bo prednostno delovalo v ob\u010dinah Abegondo, Aranga, Arteixo, Bergondo, Betanzos, Cambre, Carral, Cesuras, Coir\u00f3s, Curtis, Culleredo, Mi\u00f1o, Irixoa, Oleiros, Oza-Cesuras, Paderne, Sada in Sobrado.<\/p>\n\n\n\n<p>Pobuda si prizadeva za sodelovanje vseh vklju\u010denih akterjev (u\u010dencev, u\u010diteljev, kuhinjskega osebja, dru\u017ein, proizvajalcev, uprav, podjetij itd.), da bi dali prednost lokalni, sezonski in ekolo\u0161ki hrani, s \u010dimer bi izbolj\u0161ali prehransko ravnovesje \u0161olskega jedilnika, spodbujali lokalno gospodarstvo, socialno-ekonomski razvoj okolja in prispevali k bla\u017eitvi podnebnih sprememb.<\/p>\n\n\n\n<p>Spletna stran&nbsp;<a href=\"https:\/\/en.unesco.org\/biosphere\/eu-na\/marinas-corunesas-terras-mandeo\">Biosferni rezervat Mari\u00f1as Coru\u00f1esas e Terras do Mandeo<\/a>&nbsp;le\u017ei ob Atlantskem oceanu, v Galiciji, na 116.000 hektarjih, ki jih tvorita hidrografska pore\u010dja rek Mero in Mandeo. Z 200.000 prebivalci je eden najbolj poseljenih rezervatov v \u0160paniji. V preteklosti je bilo obmo\u010dje glavni vir hrane za mesto A Coru\u00f1a.<\/p>\n\n\n\n<p>Vendar so v zadnjih desetletjih \u0161tevilna kmetijska zemlji\u0161\u010da zapustili, kar je povzro\u010dilo odseljevanje na pode\u017eelju in posledi\u010dno nevarnost po\u017earov, izgubo biotske raznovrstnosti in tradicionalne krajine.&nbsp;<\/p>\n\n\n\n<p>Mari\u00f1as Coru\u00f1esas ustvarja lokalni prehranski sistem. Spodbuja ekolo\u0161ko kmetijstvo kot prilo\u017enost za zaposlitev med mladimi. V preteklih letih je vklju\u010deval razli\u010dne pobude:<\/p>\n\n\n\n<ul class=\"wp-block-list\">\n<li>Dolo\u010ditev obmo\u010dij za proizvodnjo za ljudi, ki \u017eelijo delati; vzpostavitev delavnice za predelavo hrane.<\/li>\n\n\n\n<li>Spodbujanje sezonskih in lokalnih proizvodov.<\/li>\n\n\n\n<li>Oblikovanje lastne blagovne znamke za lokalne izdelke.<\/li>\n\n\n\n<li>opredelitev mo\u017enosti za zaposlitev (sadjarstvo, sadovnjak).<\/li>\n\n\n\n<li>Razvoj tr\u017enih verig.<\/li>\n\n\n\n<li>Vzpostavitev eko-kantet v \u0161olah.<\/li>\n\n\n\n<li>Spodbujanje obnove tradicionalnih sort ali uporaba koristnih \u017eivalskih vrst na kmetijah (gnezdilnice, hoteli za \u017eu\u017eelke).<\/li>\n<\/ul>\n\n\n\n<p>Od leta 2014 je bilo usposobljenih ve\u010d kot 500 ljudi, od tega 45% \u017eensk, stopnja ustvarjenih delovnih mest pa zna\u0161a 30%. Trenutno je 25 podjetij \u010dlanov lastne blagovne znamke rezervata, poteka pa tudi delo za vklju\u010ditev teh izdelkov v lokalno hotelsko industrijo.&nbsp;<\/p>\n\n\n\n<p><a href=\"https:\/\/en.unesco.org\/mab\/strategy\/goodpractices#sdg8spainmarinascorunesas\">https:\/\/en.unesco.org\/mab\/strategy\/goodpractices#sdg8spainmarinascorunesas<\/a><\/p>\n\n\n\n<figure class=\"wp-block-image aligncenter size-full\"><img loading=\"lazy\" decoding=\"async\" width=\"383\" height=\"214\" src=\"https:\/\/foodimproviders.eu\/wp-content\/uploads\/2022\/07\/eco-schools.png\" alt=\"\" class=\"wp-image-179\" srcset=\"https:\/\/foodimproviders.eu\/wp-content\/uploads\/2022\/07\/eco-schools.png 383w, https:\/\/foodimproviders.eu\/wp-content\/uploads\/2022\/07\/eco-schools-300x168.png 300w\" sizes=\"(max-width: 383px) 100vw, 383px\" \/><figcaption class=\"wp-element-caption\"><strong><em>Biosferni rezervat Mari\u00f1as Coru\u00f1esas e Terras do Mandeo<\/em><\/strong><\/figcaption><\/figure>\n\n\n\n<p><strong>Za\u010detek in trenutno stanje projekta EcoComedores<\/strong><\/p>\n\n\n\n<p>Leta 2015 se je za\u010del pilotni program za uvedbo ekolo\u0161kih jedilnikov v \u0161olah na obmo\u010dju biosfernega rezervata.<\/p>\n\n\n\n<p>V okviru tega dela je bilo mogo\u010de ponuditi en ekolo\u0161ki meni pribli\u017eno 800 u\u010dencem iz treh \u0161ol v <em>Biosferni rezervat Mari\u00f1as Coru\u00f1esas e Terras do Mandeo<\/em> v \u0161tudijskem letu 2014-2015.<\/p>\n\n\n\n<p>V pobudi je sodelovalo enajst lokalnih ekolo\u0161kih pridelovalcev. Ta projekt je postal katalizator za poznej\u0161o dobavo ekolo\u0161kih proizvodov nekaterim \u0161olam na tem obmo\u010dju, saj je omogo\u010dil stike s \u0161olami, vklju\u010dil kuhinjsko osebje, organiziral kmetije in izbolj\u0161al logistiko.<\/p>\n\n\n\n<p>Zaradi sodelovanja med biosfernim rezervatom in ekolo\u0161kimi kmetijami je ve\u010d certificiranih kmetij za\u010delo zdru\u017eevati mo\u010di in posku\u0161ati ponuditi skupno storitev \u0161olam, ki so zaupale pobudi. Tako je bilo leta 2017 ustanovljeno zdru\u017eenje pridelovalcev ALEGA, ki organizira pridelavo in jo usklajuje s potrebami \u0161ol.<\/p>\n\n\n\n<p>V letih 2017 in 2018 je potekalo usposabljanje proizvajalcev in kuhinjskega osebja, s \u010dimer se je postopoma pove\u010devala ozave\u0161\u010denost o zastavljenih ciljih. Pridelki so bili na\u010drtovani vsako leto, organizirani pa so bili tudi sistemi nabave in distribucije, da bi na za\u010detku \u0161olskega leta 2019-2020 dosegli najvi\u0161jo raven 15 vklju\u010denih \u0161ol za skupno 2 600 menijev.<\/p>\n\n\n\n<p>Nabavni sistem se je razvil od za\u010detnega preprostega telefonskega stika med proizvajalci in \u0161olami do preglednice v oblaku. Danes je projekt v postopku opredelitve strukture virtualne nabavne \"tr\u017enice\". Ta spletna tr\u017enica naj bi olaj\u0161ala centralizacijo ponudbe in povpra\u0161evanja ter tako izbolj\u0161ala storitve za vse vpletene strani. \u010ce se bo ta pobuda izkazala za u\u010dinkovito, bo naslednja faza ocena tehni\u010dne in ekonomske izvedljivosti morebitnega fizi\u010dnega nabavnega centra.<\/p>\n\n\n\n<p>Ta projekt v letih 2021 in 2022 podpira Fundacija Carasso (https:\/\/www.fondationcarasso.org\/es\/) v okviru svojega programa za trajnostno prehrano.<\/p>","protected":false},"excerpt":{"rendered":"<p>Authors: Local Action Group \u201cMari\u00f1as-Betanzos\u201d and Fundaci\u00f3n Juana de Vega. Offering our children quality food and balanced menus is a duty of society, and the school canteen service can become [&hellip;]<\/p>\n","protected":false},"author":1,"featured_media":179,"comment_status":"closed","ping_status":"closed","sticky":false,"template":"","format":"standard","meta":{"_et_pb_use_builder":"","_et_pb_old_content":"","_et_gb_content_width":"","footnotes":""},"categories":[4],"tags":[],"class_list":["post-177","post","type-post","status-publish","format-standard","has-post-thumbnail","hentry","category-news"],"yoast_head":"<!-- This site is optimized with the Yoast SEO plugin v27.4 - https:\/\/yoast.com\/product\/yoast-seo-wordpress\/ -->\n<title>ECO-SCHOOL CANTEENS IN A BIOSPHERE RESERVE IN GALICIA: SHORT CIRCUITS, SEASONAL PRODUCTS AND HEALTH - Food Improviders<\/title>\n<meta name=\"robots\" content=\"index, follow, max-snippet:-1, max-image-preview:large, max-video-preview:-1\" \/>\n<link rel=\"canonical\" href=\"https:\/\/foodimproviders.eu\/sl\/2021\/09\/25\/eco-school-canteens-in-a-biosphere-reserve-in-galicia-short-circuits-seasonal-products-and-health\/\" \/>\n<meta property=\"og:locale\" content=\"sl_SI\" \/>\n<meta property=\"og:type\" content=\"article\" \/>\n<meta property=\"og:title\" content=\"ECO-SCHOOL CANTEENS IN A BIOSPHERE RESERVE IN GALICIA: SHORT CIRCUITS, SEASONAL PRODUCTS AND HEALTH - Food Improviders\" \/>\n<meta property=\"og:description\" content=\"Authors: Local Action Group \u201cMari\u00f1as-Betanzos\u201d and Fundaci\u00f3n Juana de Vega. Offering our children quality food and balanced menus is a duty of society, and the school canteen service can become [&hellip;]\" \/>\n<meta property=\"og:url\" content=\"https:\/\/foodimproviders.eu\/sl\/2021\/09\/25\/eco-school-canteens-in-a-biosphere-reserve-in-galicia-short-circuits-seasonal-products-and-health\/\" \/>\n<meta property=\"og:site_name\" content=\"Food Improviders\" \/>\n<meta property=\"article:published_time\" content=\"2021-09-25T14:07:00+00:00\" \/>\n<meta property=\"article:modified_time\" content=\"2023-08-12T17:13:16+00:00\" \/>\n<meta property=\"og:image\" content=\"https:\/\/foodimproviders.eu\/wp-content\/uploads\/2022\/07\/eco-schools.png\" \/>\n\t<meta property=\"og:image:width\" content=\"383\" \/>\n\t<meta property=\"og:image:height\" content=\"214\" \/>\n\t<meta property=\"og:image:type\" content=\"image\/png\" \/>\n<meta name=\"author\" content=\"admin_foodimproviders\" \/>\n<meta name=\"twitter:card\" content=\"summary_large_image\" \/>\n<meta name=\"twitter:label1\" content=\"Written by\" \/>\n\t<meta name=\"twitter:data1\" content=\"admin_foodimproviders\" \/>\n\t<meta name=\"twitter:label2\" content=\"Est. reading time\" \/>\n\t<meta name=\"twitter:data2\" content=\"4 minute\" \/>\n<script type=\"application\/ld+json\" class=\"yoast-schema-graph\">{\"@context\":\"https:\\\/\\\/schema.org\",\"@graph\":[{\"@type\":\"Article\",\"@id\":\"https:\\\/\\\/foodimproviders.eu\\\/2021\\\/09\\\/25\\\/eco-school-canteens-in-a-biosphere-reserve-in-galicia-short-circuits-seasonal-products-and-health\\\/#article\",\"isPartOf\":{\"@id\":\"https:\\\/\\\/foodimproviders.eu\\\/2021\\\/09\\\/25\\\/eco-school-canteens-in-a-biosphere-reserve-in-galicia-short-circuits-seasonal-products-and-health\\\/\"},\"author\":{\"name\":\"admin_foodimproviders\",\"@id\":\"https:\\\/\\\/foodimproviders.eu\\\/hu\\\/#\\\/schema\\\/person\\\/046e15ebbef8844e73d9e2bdfd4f1a51\"},\"headline\":\"ECO-SCHOOL CANTEENS IN A BIOSPHERE RESERVE IN GALICIA: SHORT CIRCUITS, SEASONAL PRODUCTS AND HEALTH\",\"datePublished\":\"2021-09-25T14:07:00+00:00\",\"dateModified\":\"2023-08-12T17:13:16+00:00\",\"mainEntityOfPage\":{\"@id\":\"https:\\\/\\\/foodimproviders.eu\\\/2021\\\/09\\\/25\\\/eco-school-canteens-in-a-biosphere-reserve-in-galicia-short-circuits-seasonal-products-and-health\\\/\"},\"wordCount\":856,\"image\":{\"@id\":\"https:\\\/\\\/foodimproviders.eu\\\/2021\\\/09\\\/25\\\/eco-school-canteens-in-a-biosphere-reserve-in-galicia-short-circuits-seasonal-products-and-health\\\/#primaryimage\"},\"thumbnailUrl\":\"https:\\\/\\\/foodimproviders.eu\\\/wp-content\\\/uploads\\\/2022\\\/07\\\/eco-schools.png\",\"articleSection\":[\"News\"],\"inLanguage\":\"sl-SI\"},{\"@type\":\"WebPage\",\"@id\":\"https:\\\/\\\/foodimproviders.eu\\\/2021\\\/09\\\/25\\\/eco-school-canteens-in-a-biosphere-reserve-in-galicia-short-circuits-seasonal-products-and-health\\\/\",\"url\":\"https:\\\/\\\/foodimproviders.eu\\\/2021\\\/09\\\/25\\\/eco-school-canteens-in-a-biosphere-reserve-in-galicia-short-circuits-seasonal-products-and-health\\\/\",\"name\":\"ECO-SCHOOL CANTEENS IN A BIOSPHERE RESERVE IN GALICIA: SHORT CIRCUITS, SEASONAL PRODUCTS AND HEALTH - Food Improviders\",\"isPartOf\":{\"@id\":\"https:\\\/\\\/foodimproviders.eu\\\/hu\\\/#website\"},\"primaryImageOfPage\":{\"@id\":\"https:\\\/\\\/foodimproviders.eu\\\/2021\\\/09\\\/25\\\/eco-school-canteens-in-a-biosphere-reserve-in-galicia-short-circuits-seasonal-products-and-health\\\/#primaryimage\"},\"image\":{\"@id\":\"https:\\\/\\\/foodimproviders.eu\\\/2021\\\/09\\\/25\\\/eco-school-canteens-in-a-biosphere-reserve-in-galicia-short-circuits-seasonal-products-and-health\\\/#primaryimage\"},\"thumbnailUrl\":\"https:\\\/\\\/foodimproviders.eu\\\/wp-content\\\/uploads\\\/2022\\\/07\\\/eco-schools.png\",\"datePublished\":\"2021-09-25T14:07:00+00:00\",\"dateModified\":\"2023-08-12T17:13:16+00:00\",\"author\":{\"@id\":\"https:\\\/\\\/foodimproviders.eu\\\/hu\\\/#\\\/schema\\\/person\\\/046e15ebbef8844e73d9e2bdfd4f1a51\"},\"breadcrumb\":{\"@id\":\"https:\\\/\\\/foodimproviders.eu\\\/2021\\\/09\\\/25\\\/eco-school-canteens-in-a-biosphere-reserve-in-galicia-short-circuits-seasonal-products-and-health\\\/#breadcrumb\"},\"inLanguage\":\"sl-SI\",\"potentialAction\":[{\"@type\":\"ReadAction\",\"target\":[\"https:\\\/\\\/foodimproviders.eu\\\/2021\\\/09\\\/25\\\/eco-school-canteens-in-a-biosphere-reserve-in-galicia-short-circuits-seasonal-products-and-health\\\/\"]}]},{\"@type\":\"ImageObject\",\"inLanguage\":\"sl-SI\",\"@id\":\"https:\\\/\\\/foodimproviders.eu\\\/2021\\\/09\\\/25\\\/eco-school-canteens-in-a-biosphere-reserve-in-galicia-short-circuits-seasonal-products-and-health\\\/#primaryimage\",\"url\":\"https:\\\/\\\/foodimproviders.eu\\\/wp-content\\\/uploads\\\/2022\\\/07\\\/eco-schools.png\",\"contentUrl\":\"https:\\\/\\\/foodimproviders.eu\\\/wp-content\\\/uploads\\\/2022\\\/07\\\/eco-schools.png\",\"width\":383,\"height\":214},{\"@type\":\"BreadcrumbList\",\"@id\":\"https:\\\/\\\/foodimproviders.eu\\\/2021\\\/09\\\/25\\\/eco-school-canteens-in-a-biosphere-reserve-in-galicia-short-circuits-seasonal-products-and-health\\\/#breadcrumb\",\"itemListElement\":[{\"@type\":\"ListItem\",\"position\":1,\"name\":\"Home\",\"item\":\"https:\\\/\\\/foodimproviders.eu\\\/hu\\\/\"},{\"@type\":\"ListItem\",\"position\":2,\"name\":\"ECO-SCHOOL CANTEENS IN A BIOSPHERE RESERVE IN GALICIA: SHORT CIRCUITS, SEASONAL PRODUCTS AND HEALTH\"}]},{\"@type\":\"WebSite\",\"@id\":\"https:\\\/\\\/foodimproviders.eu\\\/hu\\\/#website\",\"url\":\"https:\\\/\\\/foodimproviders.eu\\\/hu\\\/\",\"name\":\"Food Improviders\",\"description\":\"Showcase website of the Erasmus+ Strategic partnership FOOD IMPROV&#039;IDERS aiming to facilitate the uptake of short food supply chain by EU food producers.\",\"potentialAction\":[{\"@type\":\"SearchAction\",\"target\":{\"@type\":\"EntryPoint\",\"urlTemplate\":\"https:\\\/\\\/foodimproviders.eu\\\/hu\\\/?s={search_term_string}\"},\"query-input\":{\"@type\":\"PropertyValueSpecification\",\"valueRequired\":true,\"valueName\":\"search_term_string\"}}],\"inLanguage\":\"sl-SI\"},{\"@type\":\"Person\",\"@id\":\"https:\\\/\\\/foodimproviders.eu\\\/hu\\\/#\\\/schema\\\/person\\\/046e15ebbef8844e73d9e2bdfd4f1a51\",\"name\":\"admin_foodimproviders\",\"image\":{\"@type\":\"ImageObject\",\"inLanguage\":\"sl-SI\",\"@id\":\"https:\\\/\\\/secure.gravatar.com\\\/avatar\\\/0e24f167f3bf49cef5462f9252cb5090b28efb27273ae72f4c2d495412745dd5?s=96&d=mm&r=g\",\"url\":\"https:\\\/\\\/secure.gravatar.com\\\/avatar\\\/0e24f167f3bf49cef5462f9252cb5090b28efb27273ae72f4c2d495412745dd5?s=96&d=mm&r=g\",\"contentUrl\":\"https:\\\/\\\/secure.gravatar.com\\\/avatar\\\/0e24f167f3bf49cef5462f9252cb5090b28efb27273ae72f4c2d495412745dd5?s=96&d=mm&r=g\",\"caption\":\"admin_foodimproviders\"},\"sameAs\":[\"https:\\\/\\\/foodimproviders.eu\"],\"url\":\"https:\\\/\\\/foodimproviders.eu\\\/sl\\\/author\\\/admin_foodimproviders\\\/\"}]}<\/script>\n<!-- \/ Yoast SEO plugin. -->","yoast_head_json":{"title":"ECO-SCHOOL CANTEENS IN A BIOSPHERE RESERVE IN GALICIA: SHORT CIRCUITS, SEASONAL PRODUCTS AND HEALTH - Food Improviders","robots":{"index":"index","follow":"follow","max-snippet":"max-snippet:-1","max-image-preview":"max-image-preview:large","max-video-preview":"max-video-preview:-1"},"canonical":"https:\/\/foodimproviders.eu\/sl\/2021\/09\/25\/eco-school-canteens-in-a-biosphere-reserve-in-galicia-short-circuits-seasonal-products-and-health\/","og_locale":"sl_SI","og_type":"article","og_title":"ECO-SCHOOL CANTEENS IN A BIOSPHERE RESERVE IN GALICIA: SHORT CIRCUITS, SEASONAL PRODUCTS AND HEALTH - Food Improviders","og_description":"Authors: Local Action Group \u201cMari\u00f1as-Betanzos\u201d and Fundaci\u00f3n Juana de Vega. Offering our children quality food and balanced menus is a duty of society, and the school canteen service can become [&hellip;]","og_url":"https:\/\/foodimproviders.eu\/sl\/2021\/09\/25\/eco-school-canteens-in-a-biosphere-reserve-in-galicia-short-circuits-seasonal-products-and-health\/","og_site_name":"Food Improviders","article_published_time":"2021-09-25T14:07:00+00:00","article_modified_time":"2023-08-12T17:13:16+00:00","og_image":[{"width":383,"height":214,"url":"https:\/\/foodimproviders.eu\/wp-content\/uploads\/2022\/07\/eco-schools.png","type":"image\/png"}],"author":"admin_foodimproviders","twitter_card":"summary_large_image","twitter_misc":{"Written by":"admin_foodimproviders","Est. reading time":"4 minute"},"schema":{"@context":"https:\/\/schema.org","@graph":[{"@type":"Article","@id":"https:\/\/foodimproviders.eu\/2021\/09\/25\/eco-school-canteens-in-a-biosphere-reserve-in-galicia-short-circuits-seasonal-products-and-health\/#article","isPartOf":{"@id":"https:\/\/foodimproviders.eu\/2021\/09\/25\/eco-school-canteens-in-a-biosphere-reserve-in-galicia-short-circuits-seasonal-products-and-health\/"},"author":{"name":"admin_foodimproviders","@id":"https:\/\/foodimproviders.eu\/hu\/#\/schema\/person\/046e15ebbef8844e73d9e2bdfd4f1a51"},"headline":"ECO-SCHOOL CANTEENS IN A BIOSPHERE RESERVE IN GALICIA: SHORT CIRCUITS, SEASONAL PRODUCTS AND HEALTH","datePublished":"2021-09-25T14:07:00+00:00","dateModified":"2023-08-12T17:13:16+00:00","mainEntityOfPage":{"@id":"https:\/\/foodimproviders.eu\/2021\/09\/25\/eco-school-canteens-in-a-biosphere-reserve-in-galicia-short-circuits-seasonal-products-and-health\/"},"wordCount":856,"image":{"@id":"https:\/\/foodimproviders.eu\/2021\/09\/25\/eco-school-canteens-in-a-biosphere-reserve-in-galicia-short-circuits-seasonal-products-and-health\/#primaryimage"},"thumbnailUrl":"https:\/\/foodimproviders.eu\/wp-content\/uploads\/2022\/07\/eco-schools.png","articleSection":["News"],"inLanguage":"sl-SI"},{"@type":"WebPage","@id":"https:\/\/foodimproviders.eu\/2021\/09\/25\/eco-school-canteens-in-a-biosphere-reserve-in-galicia-short-circuits-seasonal-products-and-health\/","url":"https:\/\/foodimproviders.eu\/2021\/09\/25\/eco-school-canteens-in-a-biosphere-reserve-in-galicia-short-circuits-seasonal-products-and-health\/","name":"ECO-SCHOOL CANTEENS IN A BIOSPHERE RESERVE IN GALICIA: SHORT CIRCUITS, SEASONAL PRODUCTS AND HEALTH - Food Improviders","isPartOf":{"@id":"https:\/\/foodimproviders.eu\/hu\/#website"},"primaryImageOfPage":{"@id":"https:\/\/foodimproviders.eu\/2021\/09\/25\/eco-school-canteens-in-a-biosphere-reserve-in-galicia-short-circuits-seasonal-products-and-health\/#primaryimage"},"image":{"@id":"https:\/\/foodimproviders.eu\/2021\/09\/25\/eco-school-canteens-in-a-biosphere-reserve-in-galicia-short-circuits-seasonal-products-and-health\/#primaryimage"},"thumbnailUrl":"https:\/\/foodimproviders.eu\/wp-content\/uploads\/2022\/07\/eco-schools.png","datePublished":"2021-09-25T14:07:00+00:00","dateModified":"2023-08-12T17:13:16+00:00","author":{"@id":"https:\/\/foodimproviders.eu\/hu\/#\/schema\/person\/046e15ebbef8844e73d9e2bdfd4f1a51"},"breadcrumb":{"@id":"https:\/\/foodimproviders.eu\/2021\/09\/25\/eco-school-canteens-in-a-biosphere-reserve-in-galicia-short-circuits-seasonal-products-and-health\/#breadcrumb"},"inLanguage":"sl-SI","potentialAction":[{"@type":"ReadAction","target":["https:\/\/foodimproviders.eu\/2021\/09\/25\/eco-school-canteens-in-a-biosphere-reserve-in-galicia-short-circuits-seasonal-products-and-health\/"]}]},{"@type":"ImageObject","inLanguage":"sl-SI","@id":"https:\/\/foodimproviders.eu\/2021\/09\/25\/eco-school-canteens-in-a-biosphere-reserve-in-galicia-short-circuits-seasonal-products-and-health\/#primaryimage","url":"https:\/\/foodimproviders.eu\/wp-content\/uploads\/2022\/07\/eco-schools.png","contentUrl":"https:\/\/foodimproviders.eu\/wp-content\/uploads\/2022\/07\/eco-schools.png","width":383,"height":214},{"@type":"BreadcrumbList","@id":"https:\/\/foodimproviders.eu\/2021\/09\/25\/eco-school-canteens-in-a-biosphere-reserve-in-galicia-short-circuits-seasonal-products-and-health\/#breadcrumb","itemListElement":[{"@type":"ListItem","position":1,"name":"Home","item":"https:\/\/foodimproviders.eu\/hu\/"},{"@type":"ListItem","position":2,"name":"ECO-SCHOOL CANTEENS IN A BIOSPHERE RESERVE IN GALICIA: SHORT CIRCUITS, SEASONAL PRODUCTS AND HEALTH"}]},{"@type":"WebSite","@id":"https:\/\/foodimproviders.eu\/hu\/#website","url":"https:\/\/foodimproviders.eu\/hu\/","name":"Ponudniki hrane","description":"Predstavitvena spletna stran strate\u0161kega partnerstva Erasmus+ FOOD IMPROV'IDERS, katerega cilj je olaj\u0161ati uvedbo kratke verige preskrbe s hrano pri proizvajalcih hrane v EU.","potentialAction":[{"@type":"SearchAction","target":{"@type":"EntryPoint","urlTemplate":"https:\/\/foodimproviders.eu\/hu\/?s={search_term_string}"},"query-input":{"@type":"PropertyValueSpecification","valueRequired":true,"valueName":"search_term_string"}}],"inLanguage":"sl-SI"},{"@type":"Person","@id":"https:\/\/foodimproviders.eu\/hu\/#\/schema\/person\/046e15ebbef8844e73d9e2bdfd4f1a51","name":"admin_foodimproviders","image":{"@type":"ImageObject","inLanguage":"sl-SI","@id":"https:\/\/secure.gravatar.com\/avatar\/0e24f167f3bf49cef5462f9252cb5090b28efb27273ae72f4c2d495412745dd5?s=96&d=mm&r=g","url":"https:\/\/secure.gravatar.com\/avatar\/0e24f167f3bf49cef5462f9252cb5090b28efb27273ae72f4c2d495412745dd5?s=96&d=mm&r=g","contentUrl":"https:\/\/secure.gravatar.com\/avatar\/0e24f167f3bf49cef5462f9252cb5090b28efb27273ae72f4c2d495412745dd5?s=96&d=mm&r=g","caption":"admin_foodimproviders"},"sameAs":["https:\/\/foodimproviders.eu"],"url":"https:\/\/foodimproviders.eu\/sl\/author\/admin_foodimproviders\/"}]}},"_links":{"self":[{"href":"https:\/\/foodimproviders.eu\/sl\/wp-json\/wp\/v2\/posts\/177","targetHints":{"allow":["GET"]}}],"collection":[{"href":"https:\/\/foodimproviders.eu\/sl\/wp-json\/wp\/v2\/posts"}],"about":[{"href":"https:\/\/foodimproviders.eu\/sl\/wp-json\/wp\/v2\/types\/post"}],"author":[{"embeddable":true,"href":"https:\/\/foodimproviders.eu\/sl\/wp-json\/wp\/v2\/users\/1"}],"replies":[{"embeddable":true,"href":"https:\/\/foodimproviders.eu\/sl\/wp-json\/wp\/v2\/comments?post=177"}],"version-history":[{"count":0,"href":"https:\/\/foodimproviders.eu\/sl\/wp-json\/wp\/v2\/posts\/177\/revisions"}],"wp:featuredmedia":[{"embeddable":true,"href":"https:\/\/foodimproviders.eu\/sl\/wp-json\/wp\/v2\/media\/179"}],"wp:attachment":[{"href":"https:\/\/foodimproviders.eu\/sl\/wp-json\/wp\/v2\/media?parent=177"}],"wp:term":[{"taxonomy":"category","embeddable":true,"href":"https:\/\/foodimproviders.eu\/sl\/wp-json\/wp\/v2\/categories?post=177"},{"taxonomy":"post_tag","embeddable":true,"href":"https:\/\/foodimproviders.eu\/sl\/wp-json\/wp\/v2\/tags?post=177"}],"curies":[{"name":"wp","href":"https:\/\/api.w.org\/{rel}","templated":true}]}}